{"id":351,"date":"2023-07-15T22:50:48","date_gmt":"2023-07-15T20:50:48","guid":{"rendered":"https:\/\/national-hebdo.net\/?p=351"},"modified":"2023-07-18T17:47:23","modified_gmt":"2023-07-18T15:47:23","slug":"franck-ferrand-soutenu-par-la-droite-et-lextreme-droite-apres-un-portrait-dans-liberation","status":"publish","type":"post","link":"https:\/\/national-hebdo.net\/index.php\/2023\/07\/15\/franck-ferrand-soutenu-par-la-droite-et-lextreme-droite-apres-un-portrait-dans-liberation\/","title":{"rendered":"Franck Ferrand soutenu par la droite et l\u2019extr\u00eame droite selon un portrait paru dans \u00ab Lib\u00e9ration \u00bb\u2026"},"content":{"rendered":"\n<p><\/p>\n\n\n\n<h2 class=\"wp-block-heading\"><\/h2>\n\n\n\n<p>Lib\u00e9ration, le journal qui a soutenu, avec la ferveur d&rsquo;un Garde Rouge, le \u00ab\u00a0Grand Bond en avant\u00a0\u00bb Mao ts\u00e9tounien, \u00a0qui a applaudi \u00e0 l\u2019entr\u00e9e des Khmers Rouges \u00a0et de Pol Pot \u00e0 Phnom Penh, salu\u00e9 les mortif\u00e8res actions de la Fraction Arm\u00e9e Rouge, minimis\u00e9 les meurtres d\u2019Action Directe et d\u00e9fendu l\u2019extradition des tueurs des Brigades Rouges est effectivement le mieux plac\u00e9 pour s\u2019interroger  ou plut\u00f4t d\u00e9noncer  la personnalit\u00e9  et les suppos\u00e9es amiti\u00e9s de Franck Ferrand. Quoi de plus normal puisque, l\u2019homme ne coche aucune des cases des causes \u00ab\u00a0jug\u00e9es justes\u00a0\u00bb par ce journal qui n\u2019a jamais, par ailleurs, fait de mea culpa, ni m\u00eame cru devoir proc\u00e9der \u00e0 un devoir d\u2019inventaire\u2026 \u00a0Franck Ferrand, n\u2019ayant jamais acclam\u00e9 l\u2019Arm\u00e9e Rouge japonaise, ni milit\u00e9 pour les Tupamaros uruguayens, ni pratiqu\u00e9 la gu\u00e9rilla urbaine, est donc suspect\u00e9 de sympathie pour la droite et pire encore pour l\u2019extr\u00eame droite puisqu&rsquo;elles croient devoir le soutenir. Un sale type, on vous dit\u00a0!<\/p>\n","protected":false},"excerpt":{"rendered":"<p>Lib\u00e9ration, le journal qui a soutenu, avec la ferveur d&rsquo;un Garde Rouge, le \u00ab\u00a0Grand Bond en avant\u00a0\u00bb Mao ts\u00e9tounien, \u00a0qui a applaudi \u00e0 l\u2019entr\u00e9e des Khmers Rouges \u00a0et de Pol Pot \u00e0 Phnom Penh, salu\u00e9 les mortif\u00e8res actions de la Fraction Arm\u00e9e Rouge, minimis\u00e9 les meurtres d\u2019Action Directe et d\u00e9fendu l\u2019extradition des tueurs des Brigades [&hellip;]<\/p>\n","protected":false},"author":2,"featured_media":0,"comment_status":"open","ping_status":"open","sticky":false,"template":"","format":"standard","meta":{"footnotes":""},"categories":[1],"tags":[],"class_list":["post-351","post","type-post","status-publish","format-standard","hentry","category-non-classe"],"_links":{"self":[{"href":"https:\/\/national-hebdo.net\/index.php\/wp-json\/wp\/v2\/posts\/351","targetHints":{"allow":["GET"]}}],"collection":[{"href":"https:\/\/national-hebdo.net\/index.php\/wp-json\/wp\/v2\/posts"}],"about":[{"href":"https:\/\/national-hebdo.net\/index.php\/wp-json\/wp\/v2\/types\/post"}],"author":[{"embeddable":true,"href":"https:\/\/national-hebdo.net\/index.php\/wp-json\/wp\/v2\/users\/2"}],"replies":[{"embeddable":true,"href":"https:\/\/national-hebdo.net\/index.php\/wp-json\/wp\/v2\/comments?post=351"}],"version-history":[{"count":8,"href":"https:\/\/national-hebdo.net\/index.php\/wp-json\/wp\/v2\/posts\/351\/revisions"}],"predecessor-version":[{"id":361,"href":"https:\/\/national-hebdo.net\/index.php\/wp-json\/wp\/v2\/posts\/351\/revisions\/361"}],"wp:attachment":[{"href":"https:\/\/national-hebdo.net\/index.php\/wp-json\/wp\/v2\/media?parent=351"}],"wp:term":[{"taxonomy":"category","embeddable":true,"href":"https:\/\/national-hebdo.net\/index.php\/wp-json\/wp\/v2\/categories?post=351"},{"taxonomy":"post_tag","embeddable":true,"href":"https:\/\/national-hebdo.net\/index.php\/wp-json\/wp\/v2\/tags?post=351"}],"curies":[{"name":"wp","href":"https:\/\/api.w.org\/{rel}","templated":true}]}}