{"id":320,"date":"2021-02-20T22:20:19","date_gmt":"2021-02-20T21:20:19","guid":{"rendered":"https:\/\/national-hebdo.net\/?p=320"},"modified":"2021-02-21T10:02:13","modified_gmt":"2021-02-21T09:02:13","slug":"islamo-gauchisme-plus-de-600-universitaires-se-devoilent","status":"publish","type":"post","link":"https:\/\/national-hebdo.net\/index.php\/2021\/02\/20\/islamo-gauchisme-plus-de-600-universitaires-se-devoilent\/","title":{"rendered":"\u00ab\u00a0Islamo-gauchisme\u00a0\u00bb: Plus de 600 universitaires se d\u00e9voilent\u2026"},"content":{"rendered":"\n<h5 class=\"wp-block-heading\">Ils sont Physiciens, sociologues, historiens, philosophes, \u00e9conomistes&#8230; Plus de 600 membres de l&rsquo;enseignement sup\u00e9rieur ont demand\u00e9 samedi la d\u00e9mission de leur ministre de tutelle, Fr\u00e9d\u00e9rique Vidal, dans une tribune publi\u00e9e dans Le Monde.<\/h5>\n\n\n\n<p>Le motif de cette prise position, le constat<strong> <\/strong>du ministre de l&rsquo;Enseignement sup\u00e9rieur et de la Recherche qui a fait part de son trouble devant l&rsquo;islamo-gauchisme\u00a0\u00bb qui \u00ab\u00a0gangr\u00e8ne la soci\u00e9t\u00e9 dans son ensemble et \u00e0 laquelle l&rsquo;universit\u00e9 n&rsquo;est pas imperm\u00e9able\u00a0\u00bb.<\/p>\n\n\n\n<p>Aggravant son cas aux yeux des p\u00e9titionnaires, le ministre a demand\u00e9 &nbsp;au CNRS de faire \u00ab\u00a0un bilan de l&rsquo;ensemble des recherches\u00a0\u00bb qui se d\u00e9roulent en France, afin de distinguer ce qui rel\u00e8ve de la recherche acad\u00e9mique et ce qui rel\u00e8ve du militantisme\u2026<\/p>\n\n\n\n<p><em>\u00ab\u00a0Comme dans la Hongrie d&rsquo;Orban, le Br\u00e9sil de Bolsonaro ou la Pologne de Duda, les \u00e9tudes postcoloniales et d\u00e9coloniales, les travaux portant sur les discriminations raciales, les \u00e9tudes de genre et l&rsquo;intersectionnalit\u00e9 sont pr\u00e9cis\u00e9ment cibl\u00e9s\u00a0\u00bb, consid\u00e8rent les signataires de la tribune, estimant \u00ab\u00a0une telle ministre indigne de nous repr\u00e9senter et nous demandons, avec force, sa d\u00e9mission\u00a0\u00bb.<\/em><\/p>\n\n\n\n<p>La demande d\u2019enqu\u00eate formul\u00e9e par le ministre probablement maladroite, a l\u2019immense avantage de faire enfin sortir du bois les partisans de la culture woke qui s\u00e9vissent dans les universit\u00e9s fran\u00e7aises.&nbsp;<\/p>\n\n\n\n<p>Un jour ou l\u2019autre tout se paye. Les plus optimistes se diront que ces signataires finiront par subir la m\u00eame opprobre que ceux qui p\u00e9titionnaient dans Le Monde ou Lib\u00e9ration afin de d\u00e9fendre dans <a href=\"https:\/\/24heuresactu.com\/2013\/01\/02\/quand-libe-le-monde-et-la-goche-morale-defendaient-la-pedophilie\/\" data-type=\"URL\" data-id=\"https:\/\/24heuresactu.com\/2013\/01\/02\/quand-libe-le-monde-et-la-goche-morale-defendaient-la-pedophilie\/\">\u201cl\u2019affaire de Versailles\u201d<\/a>, 3 hommes accus\u00e9s de p\u00e9dophilie\u2026 Esp\u00e9rons seulement qu\u2019il ne soit pas trop tard.<\/p>\n\n\n\n<blockquote class=\"wp-block-quote is-layout-flow wp-block-quote-is-layout-flow\"><p>Je pense que nous devons faire la sourde oreille au rappel insistant de ces p\u00e9titions de principe et traiter la r\u00e9alit\u00e9 en m\u00e9decins de campagne.\u201c<\/p><cite>Fran\u00e7ois Mitterand<\/cite><\/blockquote>\n","protected":false},"excerpt":{"rendered":"<p>Ils sont Physiciens, sociologues, historiens, philosophes, \u00e9conomistes&#8230; Plus de 600 membres de l&rsquo;enseignement sup\u00e9rieur ont demand\u00e9 samedi la d\u00e9mission de leur ministre de tutelle, Fr\u00e9d\u00e9rique Vidal, dans une tribune publi\u00e9e dans Le Monde. Le motif de cette prise position, le constat du ministre de l&rsquo;Enseignement sup\u00e9rieur et de la Recherche qui a fait part de [&hellip;]<\/p>\n","protected":false},"author":2,"featured_media":322,"comment_status":"open","ping_status":"open","sticky":false,"template":"","format":"standard","meta":{"footnotes":""},"categories":[1],"tags":[],"class_list":["post-320","post","type-post","status-publish","format-standard","has-post-thumbnail","hentry","category-non-classe"],"_links":{"self":[{"href":"https:\/\/national-hebdo.net\/index.php\/wp-json\/wp\/v2\/posts\/320","targetHints":{"allow":["GET"]}}],"collection":[{"href":"https:\/\/national-hebdo.net\/index.php\/wp-json\/wp\/v2\/posts"}],"about":[{"href":"https:\/\/national-hebdo.net\/index.php\/wp-json\/wp\/v2\/types\/post"}],"author":[{"embeddable":true,"href":"https:\/\/national-hebdo.net\/index.php\/wp-json\/wp\/v2\/users\/2"}],"replies":[{"embeddable":true,"href":"https:\/\/national-hebdo.net\/index.php\/wp-json\/wp\/v2\/comments?post=320"}],"version-history":[{"count":2,"href":"https:\/\/national-hebdo.net\/index.php\/wp-json\/wp\/v2\/posts\/320\/revisions"}],"predecessor-version":[{"id":323,"href":"https:\/\/national-hebdo.net\/index.php\/wp-json\/wp\/v2\/posts\/320\/revisions\/323"}],"wp:featuredmedia":[{"embeddable":true,"href":"https:\/\/national-hebdo.net\/index.php\/wp-json\/wp\/v2\/media\/322"}],"wp:attachment":[{"href":"https:\/\/national-hebdo.net\/index.php\/wp-json\/wp\/v2\/media?parent=320"}],"wp:term":[{"taxonomy":"category","embeddable":true,"href":"https:\/\/national-hebdo.net\/index.php\/wp-json\/wp\/v2\/categories?post=320"},{"taxonomy":"post_tag","embeddable":true,"href":"https:\/\/national-hebdo.net\/index.php\/wp-json\/wp\/v2\/tags?post=320"}],"curies":[{"name":"wp","href":"https:\/\/api.w.org\/{rel}","templated":true}]}}