{"id":270,"date":"2021-02-12T12:28:42","date_gmt":"2021-02-12T11:28:42","guid":{"rendered":"https:\/\/national-hebdo.net\/?p=270"},"modified":"2021-02-12T15:06:29","modified_gmt":"2021-02-12T14:06:29","slug":"marine-le-pen-un-peu-molle-un-peu-branlante","status":"publish","type":"post","link":"https:\/\/national-hebdo.net\/index.php\/2021\/02\/12\/marine-le-pen-un-peu-molle-un-peu-branlante\/","title":{"rendered":"Marine Le Pen : \u00ab\u00a0Un peu molle, un peu branlante\u00a0\u00bb\u2026"},"content":{"rendered":"\n<h5 class=\"wp-block-heading\">Le ministre de l&rsquo;Int\u00e9rieur et la pr\u00e9sidente du Rassemblement national ont d\u00e9battu sur France 2  jeudi soir.<\/h5>\n\n\n\n<p>Les t\u00e9l\u00e9spectateurs qui attendaient un accrochage entre Darmanin et Marine Le Pen en ont \u00e9t\u00e9 pour leurs frais. Ce fut un d\u00e9bat tr\u00e8s polic\u00e9 auquel nous avons eu droit et quoi de plus normal qu&rsquo;un d\u00e9bat polic\u00e9 lorsque le sujet est en partie centr\u00e9 sur la s\u00e9curit\u00e9. <\/p>\n\n\n\n<p>Dans cet assaut d&rsquo;amabilit\u00e9s \u00e9chang\u00e9s sur le plateau de&nbsp;<em>Vous avez la parole<\/em>, une remarque de G\u00e9rald Darmanin  n&rsquo;a cependant pas \u00e9chapp\u00e9 aux t\u00e9l\u00e9spectateurs et aux commentateurs : <em>\u00ab\u00a0Madame Le Pen, je la sens un peu branlante, un peu molle sur ces questions\u00a0\u00bb<\/em>. Etait-ce un clin d&rsquo;\u0153il \u00e0 son ex coll\u00e8gue du gouvernement, Benjamin Griveaux de la part d&rsquo;un ministre lui-m\u00eame mis en cause dans une affaire graveleuse ? Mis \u00e0 part cette saillie, on s&rsquo;est un peu, beaucoup ennuy\u00e9,  le grand rentre dedans promis par les m\u00e9dias n&rsquo;\u00e9tait pas au rendez-vous.<\/p>\n\n\n\n<p>Il faut dire que le spectacle \u00e9tait sur une autre cha\u00eene, sur C8. Le boss de la France insoumise \u00e9tait l&rsquo;invit\u00e9 de l&rsquo;\u00e9mission<strong> <\/strong>\u00ab\u00a0Balance ton post\u00a0\u00bb de Cyril Hanouna. Vex\u00e9 de ne pas \u00eatre sur France2, M\u00e9lanchon avait pris le parti et le pari de se faire inviter sur une cha\u00eene concurrente&nbsp;et plus encore dans l&rsquo;\u00e9mission de l&rsquo;improbable Hanouna\u2026 En d\u00e9but d&rsquo;\u00e9mission,&nbsp;Jean-Luc M\u00e9lenchon&nbsp;a d\u00e9clar\u00e9 \u00eatre venu sur C8 en guise de \u00ab\u00a0protestation\u00a0\u00bb contre&nbsp;le d\u00e9bat organis\u00e9 par France 2 au m\u00eame moment entre Marine Le Pen et le ministre de l&rsquo;Int\u00e9rieur &nbsp;: <em>\u00ab\u00a0Je hais le fait que le service public ait install\u00e9 l&rsquo;id\u00e9e qu&rsquo;il n&rsquo;y ait plus en France que deux mani\u00e8res de d\u00e9tester les musulmans\u00a0\u00bb<\/em>\u2026 Le ton \u00e9tait donn\u00e9 et les \u00e9changes muscl\u00e9s. Avec une vive altercation d&rsquo;entr\u00e9e de jeu avec la chroniqueuse Laurence Sailliet sur le projet de loi \u00ab\u00a0s\u00e9paratisme\u00a0\u00bb, qui selon M\u00e9lanchon \u00ab\u00a0ne parle que des musulmans\u00a0\u00bb. A la chroniqueuse qui d\u00e9fendait cette loi, M\u00e9lanchon lui balanc\u00e9 \u00e0 la figure : <em>\u00ab\u00a0Vous \u00eates banalement r\u00e9actionnaire\u00a0\u00bb<\/em>. Ah \u00e7a ira, \u00e7a ira !<\/p>\n\n\n\n<p>Si Hanouna pouvait boire du petit lait en pensant \u00e0 son taux d&rsquo;audience, le gros rouge \u00e9tait de sortie avec un M\u00e9lanchon en verve traitant tour \u00e0 tour, certains policiers de \u00ab\u00a0barbares\u00a0\u00bb et les exil\u00e9s fiscaux de \u00ab\u00a0parasites\u00a0\u00bb et tout cela sans \u00ab\u00a0haine anti-riches\u00a0\u00bb\u2026<\/p>\n\n\n\n<p>Quitte \u00e0 se taper des rediffusions, on pouvait toujours changer de cha\u00eene et regarder l&rsquo;inusable Quatre mariages et un enterrement. <\/p>\n\n\n\n<p><\/p>\n","protected":false},"excerpt":{"rendered":"<p>Le ministre de l&rsquo;Int\u00e9rieur et la pr\u00e9sidente du Rassemblement national ont d\u00e9battu sur France 2 jeudi soir. Les t\u00e9l\u00e9spectateurs qui attendaient un accrochage entre Darmanin et Marine Le Pen en ont \u00e9t\u00e9 pour leurs frais. Ce fut un d\u00e9bat tr\u00e8s polic\u00e9 auquel nous avons eu droit et quoi de plus normal qu&rsquo;un d\u00e9bat polic\u00e9 lorsque [&hellip;]<\/p>\n","protected":false},"author":2,"featured_media":272,"comment_status":"open","ping_status":"open","sticky":false,"template":"","format":"standard","meta":{"footnotes":""},"categories":[1],"tags":[],"class_list":["post-270","post","type-post","status-publish","format-standard","has-post-thumbnail","hentry","category-non-classe"],"_links":{"self":[{"href":"https:\/\/national-hebdo.net\/index.php\/wp-json\/wp\/v2\/posts\/270","targetHints":{"allow":["GET"]}}],"collection":[{"href":"https:\/\/national-hebdo.net\/index.php\/wp-json\/wp\/v2\/posts"}],"about":[{"href":"https:\/\/national-hebdo.net\/index.php\/wp-json\/wp\/v2\/types\/post"}],"author":[{"embeddable":true,"href":"https:\/\/national-hebdo.net\/index.php\/wp-json\/wp\/v2\/users\/2"}],"replies":[{"embeddable":true,"href":"https:\/\/national-hebdo.net\/index.php\/wp-json\/wp\/v2\/comments?post=270"}],"version-history":[{"count":8,"href":"https:\/\/national-hebdo.net\/index.php\/wp-json\/wp\/v2\/posts\/270\/revisions"}],"predecessor-version":[{"id":282,"href":"https:\/\/national-hebdo.net\/index.php\/wp-json\/wp\/v2\/posts\/270\/revisions\/282"}],"wp:featuredmedia":[{"embeddable":true,"href":"https:\/\/national-hebdo.net\/index.php\/wp-json\/wp\/v2\/media\/272"}],"wp:attachment":[{"href":"https:\/\/national-hebdo.net\/index.php\/wp-json\/wp\/v2\/media?parent=270"}],"wp:term":[{"taxonomy":"category","embeddable":true,"href":"https:\/\/national-hebdo.net\/index.php\/wp-json\/wp\/v2\/categories?post=270"},{"taxonomy":"post_tag","embeddable":true,"href":"https:\/\/national-hebdo.net\/index.php\/wp-json\/wp\/v2\/tags?post=270"}],"curies":[{"name":"wp","href":"https:\/\/api.w.org\/{rel}","templated":true}]}}