{"id":243,"date":"2021-02-07T13:37:46","date_gmt":"2021-02-07T12:37:46","guid":{"rendered":"https:\/\/national-hebdo.net\/?p=243"},"modified":"2021-02-14T13:06:34","modified_gmt":"2021-02-14T12:06:34","slug":"le-retour-de-secotine-royal","status":"publish","type":"post","link":"https:\/\/national-hebdo.net\/index.php\/2021\/02\/07\/le-retour-de-secotine-royal\/","title":{"rendered":"Le retour de S\u00e9cotine Royal"},"content":{"rendered":"\n<p>A 67 ans, S\u00e9gol\u00e8ne Royal pourrait pr\u00e9tendre \u00e0 une retraite \u00e0 taux plein et m\u00eame bonifi\u00e9e. Mais \u00e0 en croire la rumeur qui se r\u00e9pand dans la presse, Mme Royal a encore le d\u00e9sir d\u2019\u00eatre utile\u2026 A qui ou \u00e0 quoi peu importe finalement, ce qu\u2019il faut comprendre, c\u2019est qu\u2019elle a fait le don de sa personne au pays et m\u00eame au del\u00e0 comme semble le laisser supposer l\u2019intitul\u00e9 de son association \u00ab D\u00e9sirs de France, avenir de la plan\u00e8te \u00bb. &nbsp;Et justement pour satisfaire cette admirable ambition, elle se verrait bien conduire une \u00ab\u00a0liste citoyenne\u00a0\u00bb qui transcenderait les clivages gauche\/droite \u00bb en se lan\u00e7ant dans les <a href=\"https:\/\/www.ufe.org\/actualites\/francais-de-letranger-comment-sont-elus-vos-senateurs\" data-type=\"URL\" data-id=\"https:\/\/www.ufe.org\/actualites\/francais-de-letranger-comment-sont-elus-vos-senateurs\">\u00e9lections s\u00e9natoriales pour les Fran\u00e7ais de l\u2019\u00e9tranger<\/a>. On ne compte plus les postes occup\u00e9s ou convoit\u00e9s par Mme Royal&nbsp;: candidate \u00e0 l&rsquo;\u00e9lection pr\u00e9sidentielle, d\u00e9put\u00e9e, conseill\u00e8re g\u00e9n\u00e9rale, pr\u00e9sidente de r\u00e9gion, ministre ou encore ambassadrice des p\u00f4les et aujourd\u2019hui elle ambitionne \u2014 et ce naturellement pour le plus grand bien des Fran\u00e7ais \u2014 d&rsquo;entrer au S\u00e9nat.<\/p>\n\n\n\n<p>Dans le pass\u00e9, l\u2019ex de Fran\u00e7ois Hollande n\u2019a pas laiss\u00e9 que bons souvenir ni \u00e0 ses attach\u00e9es parlementaires<span class=\"footnote_referrer\"><a role=\"button\" tabindex=\"0\" onclick=\"footnote_moveToReference_243_1('footnote_plugin_reference_243_1_1');\" onkeypress=\"footnote_moveToReference_243_1('footnote_plugin_reference_243_1_1');\" ><sup id=\"footnote_plugin_tooltip_243_1_1\" class=\"footnote_plugin_tooltip_text\">[1]<\/sup><\/a><span id=\"footnote_plugin_tooltip_text_243_1_1\" class=\"footnote_tooltip\">En 2008, apr\u00e8s onze ans de proc\u00e9dures, deux ex-attach\u00e9es parlementaires de S\u00e9gol\u00e8ne Royal, qui r\u00e9clamaient depuis 1997 le versement de plusieurs mois de salaires non pay\u00e9s, ont obtenu gain de&nbsp;&#x2026; <span class=\"footnote_tooltip_continue\"  onclick=\"footnote_moveToReference_243_1('footnote_plugin_reference_243_1_1');\">Continue reading<\/span><\/span><\/span><script type=\"text\/javascript\"> jQuery('#footnote_plugin_tooltip_243_1_1').tooltip({ tip: '#footnote_plugin_tooltip_text_243_1_1', tipClass: 'footnote_tooltip', effect: 'fade', predelay: 0, fadeInSpeed: 200, delay: 400, fadeOutSpeed: 200, position: 'top center', relative: true, offset: [-7, 0], });<\/script>, ni&nbsp; au socialiste Alain Rousset, pr\u00e9sident du conseil r\u00e9gional de Nouvelle-Aquitaine qui apr\u00e8s un audit de la r\u00e9gion Poitou-Charentes pr\u00e9sid\u00e9e durant dix ans par Mme Royal \u00e9voquait une situation de quasi-banqueroute, si, la r\u00e9gion en 2015 n&rsquo;avait pas fusionn\u00e9 avec l&rsquo;Aquitaine et le Limousin. Mme Royal balaiera ces accusations d\u2019un revers de main affirmant qu\u2019il s\u2019agissait d\u2019un r\u00e8glement de compte politique\u2026 &nbsp;<\/p>\n\n\n\n<blockquote class=\"wp-block-quote is-layout-flow wp-block-quote-is-layout-flow\"><p>\u00ab\u00a0Les cimeti\u00e8res sont pleins de gens indispensables, qui ont tous \u00e9t\u00e9 remplac\u00e9s\u00a0\u00bb. <\/p><cite>Georges Clemenceau<\/cite><\/blockquote>\n\n\n\n<p>Apr\u00e8s son \u00e9lection en 2017, Emmanuel Macron pour faire une fleur \u00e0 Hollande ou peut-\u00eatre plus simplement pour ne pas l\u2019avoir dans les jambes la nommera au poste d&rsquo;ambassadrice charg\u00e9e des n\u00e9gociations internationales relatives aux p\u00f4les arctique et antarctique. Ce n&rsquo;est que deux ans apr\u00e8s sa nomination que la presse r\u00e9v\u00e8le qu\u2019elle n\u2019a jamais mis les pieds dans une r\u00e9union du Conseil de l&rsquo;Arctique, contrairement \u00e0 ses d\u00e9clarations publiques. Pire elle est soup\u00e7onn\u00e9e d\u2019avoir utilis\u00e9 sa fonction \u00e0 des fins personnelles (d\u00e9placements en province, promotion de son livre, de sa fondation, etc.). Fin de l&rsquo;ann\u00e9e 2019 le Parquet national financier a ouvert une enqu\u00eate, qui vise \u00e0 v\u00e9rifier l&rsquo;utilisation que l&rsquo;ancienne ministre a fait des moyens mis \u00e0 sa disposition par le Quai d&rsquo;Orsay et le minist\u00e8re de la Transition \u00e9cologique. Les deux minist\u00e8res se partageant le financement des trois collaborateurs mis \u00e0 sa disposition et de l&rsquo;enveloppe de 100 000 euros de frais de mission et de repr\u00e9sentation dont elle disposait. Devenue critique \u00e0 l\u2019\u00e9gard de la politique de Macron (Elle esp\u00e9rait devenir ministre dans le second gouvernement Macron\u2026), elle est d\u00e9mise de ses fonctions, le poste sera dans un premier temps supprim\u00e9 puis finalement r\u00e9tabli en \u00e9tant cette fois ci confi\u00e9 \u00e0 des diplomates de profession.<\/p>\n\n\n\n<p>Et voil\u00e0, que s\u2019offre \u00e0 elle l\u2019opportunit\u00e9 de briguer un poste, bien r\u00e9mun\u00e9r\u00e9, sans trop de contraintes, ni d\u2019un contr\u00f4le financier trop tatillon dans lequel nous en sommes convaincu elle saura donner toute la mesure de son talent qui est sans fond.<\/p>\n<div class=\"speaker-mute footnotes_reference_container\"> <div class=\"footnote_container_prepare\"><p><span role=\"button\" tabindex=\"0\" class=\"footnote_reference_container_label pointer\" onclick=\"footnote_expand_collapse_reference_container_243_1();\">References<\/span><span role=\"button\" tabindex=\"0\" class=\"footnote_reference_container_collapse_button\" style=\"display: none;\" onclick=\"footnote_expand_collapse_reference_container_243_1();\">[<a id=\"footnote_reference_container_collapse_button_243_1\">+<\/a>]<\/span><\/p><\/div> <div id=\"footnote_references_container_243_1\" style=\"\"><table class=\"footnotes_table footnote-reference-container\"><caption class=\"accessibility\">References<\/caption> <tbody> \r\n\r\n<tr class=\"footnotes_plugin_reference_row\"> <th scope=\"row\" class=\"footnote_plugin_index_combi pointer\"  onclick=\"footnote_moveToAnchor_243_1('footnote_plugin_tooltip_243_1_1');\"><a id=\"footnote_plugin_reference_243_1_1\" class=\"footnote_backlink\"><span class=\"footnote_index_arrow\">&#8593;<\/span>1<\/a><\/th> <td class=\"footnote_plugin_text\">En 2008, apr\u00e8s onze ans de proc\u00e9dures, deux ex-attach\u00e9es parlementaires de S\u00e9gol\u00e8ne Royal, qui r\u00e9clamaient depuis 1997 le versement de plusieurs mois de salaires non pay\u00e9s, ont obtenu gain de cause.La Cour d&rsquo;appel de Rennes a condamn\u00e9, l&rsquo;ex-candidate \u00e0 l&rsquo;\u00e9lection pr\u00e9sidentielle \u00e0 leur verser les salaires qu&rsquo;elle leur devait. <\/td><\/tr>\r\n\r\n <\/tbody> <\/table> <\/div><\/div><script type=\"text\/javascript\"> function footnote_expand_reference_container_243_1() { jQuery('#footnote_references_container_243_1').show(); jQuery('#footnote_reference_container_collapse_button_243_1').text('\u2212'); } function footnote_collapse_reference_container_243_1() { jQuery('#footnote_references_container_243_1').hide(); jQuery('#footnote_reference_container_collapse_button_243_1').text('+'); } function footnote_expand_collapse_reference_container_243_1() { if (jQuery('#footnote_references_container_243_1').is(':hidden')) { footnote_expand_reference_container_243_1(); } else { footnote_collapse_reference_container_243_1(); } } function footnote_moveToReference_243_1(p_str_TargetID) { footnote_expand_reference_container_243_1(); var l_obj_Target = jQuery('#' + p_str_TargetID); if (l_obj_Target.length) { jQuery( 'html, body' ).delay( 0 ); jQuery('html, body').animate({ scrollTop: l_obj_Target.offset().top - window.innerHeight * 0.2 }, 380); } } function footnote_moveToAnchor_243_1(p_str_TargetID) { footnote_expand_reference_container_243_1(); var l_obj_Target = jQuery('#' + p_str_TargetID); if (l_obj_Target.length) { jQuery( 'html, body' ).delay( 0 ); jQuery('html, body').animate({ scrollTop: l_obj_Target.offset().top - window.innerHeight * 0.2 }, 380); } }<\/script>","protected":false},"excerpt":{"rendered":"<p>A 67 ans, S\u00e9gol\u00e8ne Royal pourrait pr\u00e9tendre \u00e0 une retraite \u00e0 taux plein et m\u00eame bonifi\u00e9e. Mais \u00e0 en croire la rumeur qui se r\u00e9pand dans la presse, Mme Royal a encore le d\u00e9sir d\u2019\u00eatre utile\u2026 A qui ou \u00e0 quoi peu importe finalement, ce qu\u2019il faut comprendre, c\u2019est qu\u2019elle a fait le don de [&hellip;]<\/p>\n","protected":false},"author":2,"featured_media":253,"comment_status":"open","ping_status":"open","sticky":false,"template":"","format":"standard","meta":{"footnotes":""},"categories":[1],"tags":[],"class_list":["post-243","post","type-post","status-publish","format-standard","has-post-thumbnail","hentry","category-non-classe"],"_links":{"self":[{"href":"https:\/\/national-hebdo.net\/index.php\/wp-json\/wp\/v2\/posts\/243","targetHints":{"allow":["GET"]}}],"collection":[{"href":"https:\/\/national-hebdo.net\/index.php\/wp-json\/wp\/v2\/posts"}],"about":[{"href":"https:\/\/national-hebdo.net\/index.php\/wp-json\/wp\/v2\/types\/post"}],"author":[{"embeddable":true,"href":"https:\/\/national-hebdo.net\/index.php\/wp-json\/wp\/v2\/users\/2"}],"replies":[{"embeddable":true,"href":"https:\/\/national-hebdo.net\/index.php\/wp-json\/wp\/v2\/comments?post=243"}],"version-history":[{"count":11,"href":"https:\/\/national-hebdo.net\/index.php\/wp-json\/wp\/v2\/posts\/243\/revisions"}],"predecessor-version":[{"id":258,"href":"https:\/\/national-hebdo.net\/index.php\/wp-json\/wp\/v2\/posts\/243\/revisions\/258"}],"wp:featuredmedia":[{"embeddable":true,"href":"https:\/\/national-hebdo.net\/index.php\/wp-json\/wp\/v2\/media\/253"}],"wp:attachment":[{"href":"https:\/\/national-hebdo.net\/index.php\/wp-json\/wp\/v2\/media?parent=243"}],"wp:term":[{"taxonomy":"category","embeddable":true,"href":"https:\/\/national-hebdo.net\/index.php\/wp-json\/wp\/v2\/categories?post=243"},{"taxonomy":"post_tag","embeddable":true,"href":"https:\/\/national-hebdo.net\/index.php\/wp-json\/wp\/v2\/tags?post=243"}],"curies":[{"name":"wp","href":"https:\/\/api.w.org\/{rel}","templated":true}]}}