{"id":232,"date":"2021-02-05T14:11:01","date_gmt":"2021-02-05T13:11:01","guid":{"rendered":"https:\/\/national-hebdo.net\/?p=232"},"modified":"2021-02-05T14:27:06","modified_gmt":"2021-02-05T13:27:06","slug":"sexisme-a-lassemblee-faites-chambre-a-part","status":"publish","type":"post","link":"https:\/\/national-hebdo.net\/index.php\/2021\/02\/05\/sexisme-a-lassemblee-faites-chambre-a-part\/","title":{"rendered":"Sexisme \u00e0 l\u2019Assembl\u00e9e : Faites chambre \u00e0 part !"},"content":{"rendered":"\n<p>Encore une temp\u00eate dans un verre d\u2019eau \u00e0 l\u2019Assembl\u00e9e nationale. Mathilde Panot, d\u00e9put\u00e9 de La France Insoumise, s\u2019est sentie insult\u00e9e par un mot lanc\u00e9 \u00e0 son encontre par son coll\u00e8gue de La R\u00e9publique en Marche, Pierre Henriet. C\u2019est avec le vocable \u00e9vocateur de \u00ab&nbsp;poissonni\u00e8re&nbsp;\u00bb que le d\u00e9put\u00e9 LREM a accueilli la prise de parole de sa coll\u00e8gue\u2026 Evidement les bancs de l\u2019Assembl\u00e9e ne sont pas les petits bancs \u00e0 poisson du Vieux port de Marseille, mais del\u00e0 \u00e0 crier \u00e0 l\u2019insulte qui plus est sexiste, il y a un pas&nbsp;! Poissarde eut \u00e9t\u00e9 insultant, insultant mais, pas pour autant sexiste\u2026&nbsp; D\u2019habitude toujours si prompte \u00e0 r\u00e9clamer un f\u00e9minin pour \u00ab&nbsp;genrer&nbsp;\u00bb une profession Madame le d\u00e9put\u00e9 pour le coup n\u2019est pas contente\u2026 &nbsp;Au f\u00e9minin poissonnier fait bien poissonni\u00e8re, il n\u2019y a pas tromperie sur la marchandise, pas plus que sur la fraicheur de la morue vendue par ladite tr\u00e8s respectable profession.<\/p>\n\n\n\n<p>Bless\u00e9e dans son \u00e9go de repr\u00e9sentante du petit peuple,&nbsp;Mathilde Panot a aussit\u00f4t r\u00e9clam\u00e9 \u00ab\u00a0excuses\u00a0\u00bb et \u00ab\u00a0sanctions\u00a0\u00bb pour le \u00ab&nbsp;goujat&nbsp;\u00bb&nbsp; malgr\u00e9 des excuses envoy\u00e9es par l\u2019entremise de \u00ab&nbsp;l\u2019oiseau bleu&nbsp;\u00bb message dans lequel il explicite les raisons de sa saillie&nbsp;: <em>\u00ab\u00a0Mathilde Panot passe son temps \u00e0 vocif\u00e9rer \u00e0 la tribune et \u00e0 couper la parole. J&rsquo;\u00e9tais exc\u00e9d\u00e9 et mon propos n&rsquo;est en rien une injure encore moins sexiste, c&rsquo;est une expression pour d\u00e9noncer son comportement comme je le fais aussi pour ses coll\u00e8gues masculins\u00a0\u00bb. \u00ab\u00a0Si elle se sent \u00e0 tort insult\u00e9e, je la prie de bien vouloir m&rsquo;excuser. Au passage, je remercie ses camarades insoumis pour les centaines d&rsquo;insultes dont ils me couvrent &#8211; de quel c\u00f4t\u00e9 donc est le m\u00e9pris ?\u00a0\u00bb.<\/em><\/p>\n\n\n\n<p>Mathilde Panot ajoute qu&rsquo;un autre qualificatif lui a \u00e9t\u00e9 lanc\u00e9, \u00ab\u00a0la folle\u00a0\u00bb, par un \u00ab\u00a0d\u00e9put\u00e9 LREM\u00a0\u00bb et elle demande donc une \u00ab\u00a0identification sans d\u00e9lai de l&rsquo;auteur\u00a0\u00bb de ce crime de l\u00e8se Panot. \u00a0Quoiqu\u2019il en soit Madame le d\u00e9put\u00e9 semble faire l\u2019unanimit\u00e9. Beaucoup de bruit pour pas grand chose, mais comme elle le rapporte \u00e0 l\u2019AFP\u00a0: <em>\u00ab\u00a0Ce n&rsquo;est pas une question personnelle. C&rsquo;est notre institution qui ne doit pas laisser passer \u00e7a. Il y a beaucoup trop de sexisme \u00e0 l&rsquo;Assembl\u00e9e nationale\u00a0\u00bb.<\/em><\/p>\n\n\n\n<p>Si il y a trop de sexisme dans l\u2019enceinte de l\u2019Assembl\u00e9e, il serait judicieux et ce n\u2019est pas la place qui manque, de faire chambre \u00e0 part\u2026Ces dames au salon o\u00f9 elles pourront papoter sans avoir \u00e0 supporter les noms d\u2019oiseaux que ces messieurs ne manquerons de s\u2019envoyer \u00e0 la figure dans l\u2019antichambre.<\/p>\n\n\n\n<blockquote class=\"wp-block-quote is-layout-flow wp-block-quote-is-layout-flow\"><p>J&rsquo;ai toujours \u00e9t\u00e9 \u00e9tonn\u00e9 qu&rsquo;on laiss\u00e2t les femmes entrer dans les \u00e9glises. Quelle conversation peuvent-elles tenir avec Dieu ? <\/p><cite>Charles Baudelaire<\/cite><\/blockquote>\n","protected":false},"excerpt":{"rendered":"<p>Encore une temp\u00eate dans un verre d\u2019eau \u00e0 l\u2019Assembl\u00e9e nationale. Mathilde Panot, d\u00e9put\u00e9 de La France Insoumise, s\u2019est sentie insult\u00e9e par un mot lanc\u00e9 \u00e0 son encontre par son coll\u00e8gue de La R\u00e9publique en Marche, Pierre Henriet. C\u2019est avec le vocable \u00e9vocateur de \u00ab&nbsp;poissonni\u00e8re&nbsp;\u00bb que le d\u00e9put\u00e9 LREM a accueilli la prise de parole de [&hellip;]<\/p>\n","protected":false},"author":2,"featured_media":235,"comment_status":"open","ping_status":"open","sticky":false,"template":"","format":"standard","meta":{"footnotes":""},"categories":[1],"tags":[9,11,12,10,8],"class_list":["post-232","post","type-post","status-publish","format-standard","has-post-thumbnail","hentry","category-non-classe","tag-assemblee","tag-henriet","tag-lrem","tag-panot","tag-sexisme"],"_links":{"self":[{"href":"https:\/\/national-hebdo.net\/index.php\/wp-json\/wp\/v2\/posts\/232","targetHints":{"allow":["GET"]}}],"collection":[{"href":"https:\/\/national-hebdo.net\/index.php\/wp-json\/wp\/v2\/posts"}],"about":[{"href":"https:\/\/national-hebdo.net\/index.php\/wp-json\/wp\/v2\/types\/post"}],"author":[{"embeddable":true,"href":"https:\/\/national-hebdo.net\/index.php\/wp-json\/wp\/v2\/users\/2"}],"replies":[{"embeddable":true,"href":"https:\/\/national-hebdo.net\/index.php\/wp-json\/wp\/v2\/comments?post=232"}],"version-history":[{"count":5,"href":"https:\/\/national-hebdo.net\/index.php\/wp-json\/wp\/v2\/posts\/232\/revisions"}],"predecessor-version":[{"id":238,"href":"https:\/\/national-hebdo.net\/index.php\/wp-json\/wp\/v2\/posts\/232\/revisions\/238"}],"wp:featuredmedia":[{"embeddable":true,"href":"https:\/\/national-hebdo.net\/index.php\/wp-json\/wp\/v2\/media\/235"}],"wp:attachment":[{"href":"https:\/\/national-hebdo.net\/index.php\/wp-json\/wp\/v2\/media?parent=232"}],"wp:term":[{"taxonomy":"category","embeddable":true,"href":"https:\/\/national-hebdo.net\/index.php\/wp-json\/wp\/v2\/categories?post=232"},{"taxonomy":"post_tag","embeddable":true,"href":"https:\/\/national-hebdo.net\/index.php\/wp-json\/wp\/v2\/tags?post=232"}],"curies":[{"name":"wp","href":"https:\/\/api.w.org\/{rel}","templated":true}]}}